{"id":738,"date":"2021-09-17T12:20:11","date_gmt":"2021-09-17T12:20:11","guid":{"rendered":"https:\/\/www.salvarchirasoria.com\/?p=738"},"modified":"2021-09-17T12:24:10","modified_gmt":"2021-09-17T12:24:10","slug":"carta-publica-a-antonio-morales-presidente-del-cabildo-de-gran-canaria","status":"publish","type":"post","link":"https:\/\/www.salvarchirasoria.com\/index.php\/2021\/09\/17\/carta-publica-a-antonio-morales-presidente-del-cabildo-de-gran-canaria\/","title":{"rendered":"CARTA P\u00daBLICA A ANTONIO MORALES, PRESIDENTE DEL CABILDO DE GRAN CANARIA."},"content":{"rendered":"\n<div class=\"wp-block-image\"><figure class=\"aligncenter size-full is-resized\"><img decoding=\"async\" src=\"https:\/\/www.salvarchirasoria.com\/wp-content\/uploads\/2021\/09\/varapalo.png\" alt=\"\" class=\"wp-image-739\" width=\"421\" height=\"421\" srcset=\"https:\/\/www.salvarchirasoria.com\/wp-content\/uploads\/2021\/09\/varapalo.png 320w, https:\/\/www.salvarchirasoria.com\/wp-content\/uploads\/2021\/09\/varapalo-300x300.png 300w, https:\/\/www.salvarchirasoria.com\/wp-content\/uploads\/2021\/09\/varapalo-150x150.png 150w\" sizes=\"(max-width: 421px) 100vw, 421px\" \/><\/figure><\/div>\n\n\n\n<p class=\"has-black-color has-text-color has-normal-font-size\">El presidente del Cabildo se ha referido indirectamente a la Plataforma Salvar Chira-Soria Barranco de Arguinegu\u00edn como un adversario ideol\u00f3gico en un art\u00edculo dominical en la prensa provincial. Y al se\u00f1alarnos nos ha posicionado como valedores de un modelo energ\u00e9tico que difiere del modelo que \u00e9l defiende. A todo ello queremos responderle directamente en esta carta abierta.<\/p>\n\n\n\n<p class=\"has-black-color has-text-color has-normal-font-size\">El primero de los asuntos que nos interesa es saber el por qu\u00e9 est\u00e1 tan empe\u00f1ado en el dise\u00f1o de una opci\u00f3n energ\u00e9tica para la isla de Gran Canaria cuando no tiene competencias en energ\u00eda ni medios t\u00e9cnicos ni humanos para hacerlo. \u00bfPodr\u00eda explicar, como Presidente del Cabildo grancanario, d\u00f3nde est\u00e1n los documentos estrat\u00e9gicos que justifican que Chira-Soria es la opci\u00f3n clave para la transici\u00f3n energ\u00e9tica hacia las renovables en la isla de Gran Canaria?, y si los tiene, \u00bfPuede hacer p\u00fablico esos documentos?.<\/p>\n\n\n\n<p class=\"has-black-color has-text-color has-normal-font-size\">En su art\u00edculo dice que el Cabildo est\u00e1 elaborando ahora la estrategia de transici\u00f3n energ\u00e9tica. Entonces, nos preguntamos d\u00f3nde est\u00e1 la planificaci\u00f3n que contempla que Chira-Soria es un recurso estrat\u00e9gico esencial. Si, tal y como usted plantea, es la obra m\u00e1s grande que se acometer\u00e1 en la zona Euro, deber\u00eda propiciar un debate p\u00fablico acerca de su viabilidad territorial y de su viabilidad sectorial energ\u00e9tica. Si no ha habido un debate p\u00fablico, entonces tenemos derecho a conocer quienes han decidido que esa es la mejor opci\u00f3n y quienes han decidido que es irrelevante afectar a 200 kil\u00f3metros cuadrados del territorio con cinco espacios protegidos por la Red Natura 2000 e incluidos en la Reserva de la Biosfera.<\/p>\n\n\n\n<p class=\"has-black-color has-text-color has-normal-font-size\">Para poder ejecutar esta obra, en el a\u00f1o 2010, el Gobierno de Canarias y el Cabildo de Gran Canaria se aprestaron a despojar a la cuenca del barranco de Arguinegu\u00edn de los mecanismos de protecci\u00f3n medioambientales del Plan Insular de Ordenaci\u00f3n del Territorio de Gran Canaria, suspendiendo tambi\u00e9n el Plan Rector de Uso y Gesti\u00f3n del Parque Rural del Nublo, as\u00ed como el planeamiento municipal. Es decir, nuestras instituciones auton\u00f3mica e insular procedieron a desproteger un \u00e1mbito de nuestro territorio de alt\u00edsimo valor medioambiental y cultural para poder encajar dos centrales hidroel\u00e9ctricas, Chira-Soria y Las Ni\u00f1as-Soria, que hubiera sido imposible ejecutar en ese lugar de no haberse desactivado antes las protecciones que lo salvaguardaban de la intervenci\u00f3n humana.<\/p>\n\n\n\n<p class=\"has-black-color has-text-color has-normal-font-size\">Ante la creciente contestaci\u00f3n ciudadana rechazando esta actuaci\u00f3n, y motivados por alcanzar un m\u00ednimo de comprensi\u00f3n con respecto a este asunto, volvemos a solicitarle que se digne recibir a la Plataforma Salvar Chira-Soria, conformada por 52 entidades, colectivos ecologistas, culturales, partidos pol\u00edticos y un nutrido n\u00famero de colaboradores y profesionales de reconocido prestigio. Queremos recordarle que el pasado 22 de mayo, en plena pandemia, m\u00e1s de 5000 personas salieron a las calles en contra de la industrializaci\u00f3n del barranco de Arguinegu\u00edn. Adem\u00e1s, en la p\u00e1gina web We Move Europe hemos sobrepasado ampliamente las 30.000 firmas. Insistimos en que un proyecto de tal envergadura y con tan relevantes implicaciones medioambientales, sociales y econ\u00f3micas requiere de un amplio debate ciudadano, lo cual va en l\u00ednea con las directrices de la UE respecto a colocar al ciudadano en el centro de la transici\u00f3n energ\u00e9tica.<\/p>\n\n\n\n<p class=\"has-black-color has-text-color has-normal-font-size\">En otro orden de cosas, el proyecto contempla que para transportar el mill\u00f3n de metros c\u00fabicos de escombros desde la zona de excavaci\u00f3n de los t\u00faneles y la caverna hacia la costa se requerir\u00e1n 200 camiones diarios. Nos preguntamos si es usted realmente consciente de lo que esto va a suponer para los 2500 vecinos del barranco durante los m\u00e1s de 70 meses de obras. La Direcci\u00f3n General de Sanidad P\u00fablica indica en su informe de 26 de octubre de 2020 que la obra tiene un impacto permanente, severo e irreversible, y durante su construcci\u00f3n, esos impactos expondr\u00edan a las personas a efectos directos e indirectos.<\/p>\n\n\n\n<p class=\"has-black-color has-text-color has-normal-font-size\">Es obvio que el desarrollo sostenible tiene que ver con una adecuada gesti\u00f3n de los residuos, con la implantaci\u00f3n de las energ\u00edas renovables, con la gesti\u00f3n integral del agua, con la movilidad sostenible y del ahorro y la eficiencia energ\u00e9tica y, por supuesto, con promover un desarrollo productivo m\u00e1s distributivo y una toma de decisiones ampliamente respaldada por la ciudadan\u00eda. No dude que de su etapa en el Cabildo de Gran Canaria se le va a recordar por una decisi\u00f3n que va a destruir el \u00e1rea m\u00e1s valiosa a nivel medioambiental y paisaj\u00edstico del barranco de Arguinegu\u00edn, sin contar el grave hecho de entregar de facto a las multinacionales energ\u00e9ticas los mejores recursos que posee Gran Canaria para ejercer su propia soberan\u00eda.<\/p>\n\n\n\n<p class=\"has-black-color has-text-color has-normal-font-size\">Porque en todo este tiempo de mandato ha sido incapaz de poner en marcha ambiciosos planes estrat\u00e9gicos de ahorro y eficiencia, tal y como dice la propia ley de cambio clim\u00e1tico del Estado espa\u00f1ol. \u00bfPor qu\u00e9 no ha puesto en marcha planes de ahorro y eficiencia en los centros deportivos, educativos y sanitarios y en todas las instalaciones municipales?.\u00bfPor qu\u00e9, por ejemplo, los pol\u00edgonos industriales de Gran Canaria no est\u00e1n llenos de placas solares fotovoltaicas?. Sin embargo, es capaz de reunir a los alcaldes grancanarios para hacer un acto de adhesi\u00f3n a lo que denomina ahora El Salto de Chira, pero no les incita ni les ayuda en la pr\u00e1ctica, con car\u00e1cter prioritario, a la necesidad del ahorro, a la eficiencia, al autoconsumo o al conocimiento de las comunidades energ\u00e9ticas que ya est\u00e1n en marcha en otros lugares de Europa.<\/p>\n\n\n\n<p class=\"has-black-color has-text-color has-normal-font-size\">La plataforma pretende evitar que siga adelante con esta actuaci\u00f3n, que sin duda ser\u00e1 muy grave para&nbsp; todos. No renunciamos a que recapacite y que nos escuche como ciudadanos que somos. Le instamos, adem\u00e1s, a que impida al Gobierno de Canarias cometer un error sin precedentes; a que observe con car\u00e1cter de urgencia los graves inconvenientes detectados en el proyecto y las alertas y advertencias que constan en la propia Declaraci\u00f3n de Impacto Ambiental.<\/p>\n\n\n\n<p class=\"has-black-color has-text-color has-normal-font-size\">Sabemos que usted es perfectamente conocedor de que la propia Comisi\u00f3n Europea, en aplicaci\u00f3n de la Directiva Europea 2019\/944, no va a tomar una decisi\u00f3n sobre la compatibilidad del proyecto hasta finales de a\u00f1o o comienzos del pr\u00f3ximo. Por este motivo, al contravenir dicha directiva, que garantiza la neutralidad del mercado interior el\u00e9ctrico para evitar que las el\u00e9ctricas act\u00faen en r\u00e9gimen de monopolio, este proyecto es a d\u00eda de hoy ilegal. Sorprendentemente, al promover este proyecto de almacenamiento y generaci\u00f3n de energ\u00eda, est\u00e1 permitiendo que REE consiga operar en Gran Canaria en r\u00e9gimen monopol\u00edstico.<\/p>\n\n\n\n<p class=\"has-black-color has-text-color has-normal-font-size\">Se\u00f1or Presidente, usted est\u00e1 asumiendo la seguridad de las presas, cuando el art\u00edculo 9 del Real Decreto de 13 de abril del a\u00f1o 2021 exige que sea la empresa concesionaria la que se encargue de la seguridad de las mismas. \u00bfPor qu\u00e9 est\u00e1 dedicando dinero p\u00fablico para el acondicionamiento y la seguridad de esas infraestructuras?. \u00bfEst\u00e1 dispuesto a asumir el riesgo que afectar\u00eda a las personas que viven aguas abajo, cuando los propios ingenieros del CIA reconocen que los muros de esas obsoletas presas podr\u00edan ceder debido a las variaciones de presi\u00f3n de los sucesivos llenados y vaciados propios de la actividad hidroel\u00e9ctrica?.<\/p>\n\n\n\n<p class=\"has-black-color has-text-color has-normal-font-size\">Por \u00faltimo, todos aquellos y aquellas que lo conocimos en el pasado queremos saber d\u00f3nde ha quedado su \u00edmpetu, ese mismo que afloraba en cada una de sus intervenciones p\u00fablicas antes de 2015 y con el que reclamaba que la energ\u00eda del sol y del viento deb\u00edan de estar en manos de los ciudadanos y no de las grandes compa\u00f1\u00edas el\u00e9ctricas. \u00bfA qu\u00e9 se debe este radical cambio en sus postulados?. Muchos ciudadanos acudieron ilusionados a votarle por entender entonces que usted encarnaba el liderazgo que permitir\u00eda a los grancanarios y grancanarias tomar el control de su propia soberan\u00eda energ\u00e9tica. Sin embargo, al d\u00eda siguiente de tomar posesi\u00f3n de la Presidencia del Cabildo, cambi\u00f3 de parecer. Tenemos derecho a saber por qu\u00e9.<\/p>\n\n\n\n<p class=\"has-black-color has-text-color has-normal-font-size\">Tambi\u00e9n deber\u00eda explicar a la opini\u00f3n p\u00fablica porqu\u00e9 est\u00e1 gastando una enorme suma de dinero p\u00fablico en hacer propaganda para acallar la voz de la ciudadan\u00eda y m\u00e1s concretamente la de la Plataforma. Un l\u00edder tiene que ser una persona que asuma que la sociedad es diversa y plural, que existen otras opiniones y otras ideas, por otra parte, tan cualificadas t\u00e9cnica y acad\u00e9micamente como la de los que lo rodean y asesoran. En su capacidad de integraci\u00f3n reside su fuerza moral como dirigente social. Las decisiones no pueden limitarse exclusivamente a pactos entre pol\u00edticos y empresarios; es el momento de que la ciudadan\u00eda tome la palabra. No espere a que eso ocurra en las pr\u00f3ximas elecciones; la democracia o es un ente vivo y din\u00e1mico o no es la representaci\u00f3n pol\u00edtica que todos y todas nos merecemos.<\/p>\n\n\n\n<p class=\"has-black-color has-text-color has-normal-font-size\">Canarias, a 15 de septiembre de 2021<\/p>\n\n\n\n<p class=\"has-black-color has-text-color has-normal-font-size\">FIRMAN:<\/p>\n\n\n\n<h2 class=\"wp-block-heading\">PLATAFORMA SALVAR CHIRA, BARRANCO DE ARGUINEGU\u00cdN Y LAS SIGUIENTES PERSONAS:<\/h2>\n\n\n\n<p class=\"has-black-color has-text-color has-normal-font-size\">1- Antonio Gonz\u00e1lez Vi\u00e9itez, Economista, titular de Escuela Universitaria de la ULPGC.<\/p>\n\n\n\n<p class=\"has-black-color has-text-color has-normal-font-size\">2-Julio Cuenca Sanabria, Arque\u00f3logo,<\/p>\n\n\n\n<p class=\"has-black-color has-text-color has-normal-font-size\">3-Mary cruz Munguia, Monitora deportiva<\/p>\n\n\n\n<p class=\"has-black-color has-text-color has-normal-font-size\">4-Pedro Hern\u00e1ndez, Profesor,<\/p>\n\n\n\n<p class=\"has-black-color has-text-color has-normal-font-size\">5-Ana Benito, Farmac\u00e9utica,<\/p>\n\n\n\n<p class=\"has-black-color has-text-color has-normal-font-size\">6-Itahisa Vi\u00f1as, Profesional del Sector Tur\u00edstico,<\/p>\n\n\n\n<p class=\"has-black-color has-text-color has-normal-font-size\">7-Manuel Gonz\u00e1lez, M\u00fasico y Compositor,<\/p>\n\n\n\n<p class=\"has-black-color has-text-color has-normal-font-size\">8-Eneida Marrero, Estudiante de Ciencias Jur\u00eddicas,<\/p>\n\n\n\n<p class=\"has-black-color has-text-color has-normal-font-size\">9-Eduardo Mart\u00edn Almeida, Activista y Documentalista,<\/p>\n\n\n\n<p class=\"has-black-color has-text-color has-normal-font-size\">10-Marian Martel, Empresaria del sector inmobiliario,<\/p>\n\n\n\n<p class=\"has-black-color has-text-color has-normal-font-size\">11-Jos\u00e9 Luis Porta, Experto del Sector Energ\u00e9tico,<\/p>\n\n\n\n<p class=\"has-black-color has-text-color has-normal-font-size\">12-Dolores Santana Robayna, profesora.<\/p>\n\n\n\n<p class=\"has-black-color has-text-color has-normal-font-size\">13-Domingo Afonso,Ingeniero Agr\u00f3nomo,<\/p>\n\n\n\n<p class=\"has-black-color has-text-color has-normal-font-size\">14-Bety Henriquez. Profesora,<\/p>\n\n\n\n<p class=\"has-black-color has-text-color has-normal-font-size\">15-Pedro Pablo Medina, Profesor de la ULPGC,<\/p>\n\n\n\n<p class=\"has-black-color has-text-color has-normal-font-size\">16-C\u00e1ndida Falc\u00f3n Hern\u00e1ndez, Auxiliar T\u00e9cnico Veterinario,<\/p>\n\n\n\n<p class=\"has-black-color has-text-color has-normal-font-size\">17-Honorio Galindo, Activista del Colectivo Turc\u00f3n,<\/p>\n\n\n\n<p class=\"has-black-color has-text-color has-normal-font-size\">18-Sofia Men\u00e9ndez,&nbsp;Periodista&nbsp;ambiental y cient\u00edfica,<\/p>\n\n\n\n<p class=\"has-black-color has-text-color has-normal-font-size\">19-Lucas Rodr\u00edguez, Ingeniero Civil,<\/p>\n\n\n\n<p class=\"has-black-color has-text-color has-normal-font-size\">20-Jos\u00e9 Ram\u00edrez, Empresario,<\/p>\n\n\n\n<p class=\"has-black-color has-text-color has-normal-font-size\">21-Juan Miguel, T\u00e9cnico Gestor, jubilado,<\/p>\n\n\n\n<p class=\"has-black-color has-text-color has-normal-font-size\">22-Eloy Morales, Matem\u00e1tico, jubilado.<\/p>\n\n\n\n<p class=\"has-black-color has-text-color has-normal-font-size\">23-\u00c1lvaro Artiles Hern\u00e1ndez, Doctor y Experto en Energ\u00edas Renovables,<\/p>\n\n\n\n<p class=\"has-black-color has-text-color has-normal-font-size\">24-Gloria Mart\u00edn Romero, Aparejadora,<\/p>\n\n\n\n<p class=\"has-black-color has-text-color has-normal-font-size\">25-Agust\u00edn Millares Cantero historiador,<\/p>\n\n\n\n<p class=\"has-black-color has-text-color has-normal-font-size\">26-Orlando Rodr\u00edguez, operario movilidad ciclista,<\/p>\n\n\n\n<p class=\"has-black-color has-text-color has-normal-font-size\">27-Javier Marrero, Gestor Cultural,<\/p>\n\n\n\n<p class=\"has-black-color has-text-color has-normal-font-size\">28-Miguel Betancor, Empresario y Estudiante en Ingenier\u00eda O. Industrial,<\/p>\n\n\n\n<p class=\"has-black-color has-text-color has-normal-font-size\">29-Jos\u00e9 Carmelo Luj\u00e1n Arencibia, Cocinero y activista pol\u00edtico.<\/p>\n\n\n\n<p class=\"has-black-color has-text-color has-normal-font-size\">30-Rafael Rodr\u00edguez Santana. Dr. en Biolog\u00eda<\/p>\n\n\n\n<p class=\"has-black-color has-text-color has-normal-font-size\">31-Francisco Agust\u00edn Ojeda Ram\u00edrez. Empresario tur\u00edstico.<\/p>\n\n\n\n<p class=\"has-black-color has-text-color has-normal-font-size\">32-Jaime J. Gonz\u00e1lez, Ge\u00f3grafo e investigador de grandes presas,<\/p>\n\n\n\n<p class=\"has-black-color has-text-color has-normal-font-size\">33-Juan Tom\u00e1s Perdomo, Ship Superintendente, Maquinista Naval Jefe y Especialista en Psicolog\u00eda Pol\u00edtica.<\/p>\n\n\n\n<p class=\"has-black-color has-text-color has-normal-font-size\">34-Cova Gonz\u00e1lez Gil, Ciudadana defensora de la naturaleza,<\/p>\n\n\n\n<p class=\"has-black-color has-text-color has-normal-font-size\">35-Jos\u00e9 Ram\u00f3n Carrillo Rodr\u00edguez, consultor medioambiental,<\/p>\n\n\n\n<p class=\"has-black-color has-text-color has-normal-font-size\">36-Pilar Sosa, Auxiliar Administrativa,<\/p>\n\n\n\n<p class=\"has-black-color has-text-color has-normal-font-size\">37-V\u00edctor Caro Zamora. Licenciado en Derecho,<\/p>\n\n\n\n<p class=\"has-black-color has-text-color has-normal-font-size\">38- Carlos Garc\u00eda Garc\u00eda. Ge\u00f3grafo<\/p>\n\n\n\n<p class=\"has-black-color has-text-color has-normal-font-size\">39- Francisco Vaquero Rodr\u00edguez, Maestro<\/p>\n\n\n\n<p class=\"has-black-color has-text-color has-normal-font-size\">40- Lu\u00eds Marrero D\u00e9niz, Profesor<\/p>\n\n\n\n<p class=\"has-black-color has-text-color has-normal-font-size\">41-Luis Falc\u00f3n, Profesor,<\/p>\n\n\n\n<p class=\"has-black-color has-text-color has-normal-font-size\">42- Fernando P\u00e9rez S\u00e1nchez, Restaurador,<\/p>\n\n\n\n<p class=\"has-black-color has-text-color has-normal-font-size\">43-Ana Mar\u00eda Ram\u00edrez Rodr\u00edguez, Restauradora<\/p>\n\n\n\n<p class=\"has-black-color has-text-color has-normal-font-size\">44.Sebasti\u00e1n P\u00e9rez Remira, Restaurador,<\/p>\n\n\n\n<p class=\"has-black-color has-text-color has-normal-font-size\">45-Manuel Le\u00f3n Socorro, Enfermero,<\/p>\n\n\n\n<p class=\"has-black-color has-text-color has-normal-font-size\">46-Carmen Luisa Gonz\u00e1lez, economista,<\/p>\n\n\n\n<p class=\"has-black-color has-text-color has-normal-font-size\">47-Mar\u00eda Dolores Santana Alonso. Funcionaria<\/p>\n\n\n\n<p class=\"has-black-color has-text-color has-normal-font-size\">48- Antonia Hern\u00e1ndez Estupi\u00f1an, Empresaria,<\/p>\n\n\n\n<p class=\"has-black-color has-text-color has-normal-font-size\">49- Norberto Dom\u00ednguez Ramos Ingeniero industrial.<\/p>\n\n\n\n<p class=\"has-black-color has-text-color has-normal-font-size\">50- Crist\u00f3bal S\u00e1nchez C\u00e1rdenes, Encargado General de Obras Publicas,<\/p>\n\n\n\n<p class=\"has-black-color has-text-color has-normal-font-size\">51- Enrique Gonz\u00e1lez, sector audiovisual<\/p>\n\n\n\n<p class=\"has-black-color has-text-color has-normal-font-size\">52&#8211; Luis Sosa Ramos, Artista visual<\/p>\n\n\n\n<p class=\"has-black-color has-text-color has-normal-font-size\">54- &#8211; Susanne Gerstberger, arquitecta. Profesora de Urbanismo y Paisaje en El Karlsruhe Institut F\u00fcr Technologie (KIT). Alemania<\/p>\n\n\n\n<p class=\"has-black-color has-text-color has-normal-font-size\">55- Dunia Acosta Morales. Empresaria,<\/p>\n\n\n\n<p class=\"has-black-color has-text-color has-normal-font-size\">56- Olga Ney Sotomayor. Pedagoga y empresaria,<\/p>\n\n\n\n<p class=\"has-black-color has-text-color has-normal-font-size\">57- Andr\u00e9s Brito Mart\u00ednez. Activista,<\/p>\n\n\n\n<p class=\"has-black-color has-text-color has-normal-font-size\">58- Rafael S. Almeida P\u00e9rez, Ge\u00f3grafo, M\u00e1ster Universitario en Gesti\u00f3n Ambiental,<\/p>\n\n\n\n<p class=\"has-black-color has-text-color has-normal-font-size\">59- Antonio Abad Sarmiento Cruz, Empresario,<\/p>\n\n\n\n<p class=\"has-black-color has-text-color has-normal-font-size\">60- Rayco Su\u00e1rez Alem\u00e1n, Certificado de Profesionalidad en T\u00e9rmicas y trabajador del sector de las renovables,<\/p>\n\n\n\n<p class=\"has-black-color has-text-color has-normal-font-size\">61- Antonio Est\u00e9vez Ruano, T\u00e9cnico Superior en Energ\u00edas Renovables,<\/p>\n\n\n\n<p class=\"has-black-color has-text-color has-normal-font-size\">62-Idaira Valencia Garcia, Graduada en Turismo y Marketing digital,<\/p>\n\n\n\n<p class=\"has-black-color has-text-color has-normal-font-size\">63- Juan Francisco Su\u00e1rez Alem\u00e1n Trabajador en el sector de energ\u00edas renovables,<\/p>\n\n\n\n<p class=\"has-black-color has-text-color has-normal-font-size\">64- Antonio Artiles Ramos, Empresario,<\/p>\n\n\n\n<p class=\"has-black-color has-text-color has-normal-font-size\">65- Juan Manuel Santana P\u00e9rez, Catedr\u00e1tico de la ULPGC,<\/p>\n\n\n\n<p class=\"has-black-color has-text-color has-normal-font-size\">66- Alicia Hern\u00e1ndez Vega, Profesora Ense\u00f1anzas Medias,<\/p>\n\n\n\n<p class=\"has-black-color has-text-color has-normal-font-size\">67- Mila Hormiga. Profesora de Salud P\u00fablica de la ULPGC,<\/p>\n\n\n\n<p class=\"has-black-color has-text-color has-normal-font-size\">68- Manuel G\u00f3mez Ney, Estudiante de Periodismo,<\/p>\n\n\n\n<p class=\"has-black-color has-text-color has-normal-font-size\">69- Narciso Hern\u00e1ndez Rodr\u00edguez, Profesor de la ULL,<\/p>\n\n\n\n<p class=\"has-black-color has-text-color has-normal-font-size\">70- Marina Valido Santana. Licenciada en Ciencias Jur\u00eddicas y experta en mercado el\u00e9ctrico,<\/p>\n\n\n\n<p class=\"has-black-color has-text-color has-normal-font-size\">71-Francisca L\u00f3pez, Maestra,<\/p>\n\n\n\n<p class=\"has-black-color has-text-color has-normal-font-size\">72-Luis Artiles torres, Administraci\u00f3n, 73-Margarita Artiles torres, Profesora,<\/p>\n\n\n\n<p class=\"has-black-color has-text-color has-normal-font-size\">74-Gabriel Rodr\u00edguez Su\u00e1rez, trabajos verticales,<\/p>\n\n\n\n<p class=\"has-black-color has-text-color has-normal-font-size\">75-Astrid Carolina Segura Rodr\u00edguez, Estudiante de Ingenier\u00eda Qu\u00edmica. Auxiliar Administrativo,<\/p>\n\n\n\n<p class=\"has-black-color has-text-color has-normal-font-size\">76-Lorena P\u00e9rez Artiles, apasionada de nuestro patrimonio natural,<\/p>\n\n\n\n<p class=\"has-black-color has-text-color has-normal-font-size\">77-Esperanza Garc\u00eda Diaz, Camarera,<\/p>\n\n\n\n<p class=\"has-black-color has-text-color has-normal-font-size\">78-Jorge Dorta, economista,<\/p>\n\n\n\n<p class=\"has-black-color has-text-color has-normal-font-size\">79-Juan Manuel Guti\u00e9rrez de Le\u00f3n, Secretario de organizaci\u00f3n del SNC de Intersindical Canaria.<\/p>\n\n\n\n<p class=\"has-black-color has-text-color has-normal-font-size\">80- Francisco Chavanel, Periodista,<\/p>\n\n\n\n<p class=\"has-black-color has-text-color has-normal-font-size\">81- Rub\u00e9n P\u00e9rez Flores, Ge\u00f3grafo y portavoz de Salvar La Tejita,<\/p>\n\n\n\n<p class=\"has-black-color has-text-color has-normal-font-size\">82- Jerem\u00edas de Le\u00f3n Rodr\u00edguez Capit\u00e1n de marina mercante,<\/p>\n\n\n\n<p class=\"has-black-color has-text-color has-normal-font-size\">83- Milagrosa Medina S\u00e1nchez, Maestra<\/p>\n\n\n\n<p class=\"has-black-color has-text-color has-normal-font-size\">84- Rita Caballo Fuentes. Profesora EUTL y miembro del TIDES (ULPGC)<\/p>\n\n\n\n<p class=\"has-black-color has-text-color has-normal-font-size\">85- Saro Guerra Jim\u00e9nez, Maestra,<\/p>\n\n\n\n<p class=\"has-black-color has-text-color has-normal-font-size\">86- Dara Hern\u00e1ndez D\u00edaz, Enfermera,<\/p>\n\n\n\n<p class=\"has-black-color has-text-color has-normal-font-size\">87- Pino Toledo Hern\u00e1ndez, Ciudadana activista,<\/p>\n\n\n\n<p class=\"has-black-color has-text-color has-normal-font-size\">88- \u00c1ngeles Rojas Hern\u00e1ndez, Ciudadana activista,<\/p>\n\n\n\n<p class=\"has-black-color has-text-color has-normal-font-size\">89- Ismael Armas Su\u00e1rez, Jefe de Cocina,<br>90- Terry Lee Daymont, Informaci\u00f3n Tur\u00edstica,<\/p>\n\n\n\n<p class=\"has-black-color has-text-color has-normal-font-size\">91- Davinia Valencia Garc\u00eda, Enfermera,<\/p>\n\n\n\n<p class=\"has-black-color has-text-color has-normal-font-size\">92- Cristo Padilla (Plastiman).<\/p>\n\n\n\n<p class=\"has-black-color has-text-color has-normal-font-size\">93- Miguel \u00c1ngel Mart\u00edn Gonz\u00e1lez, licenciado en Geograf\u00eda e Historia y director de la Revista Iruene,<\/p>\n\n\n\n<p class=\"has-black-color has-text-color has-normal-font-size\">94- Jos\u00e9 \u00c1lamo, empleado p\u00fablico,<\/p>\n\n\n\n<p class=\"has-black-color has-text-color has-normal-font-size\">95- Yosu Partida Su\u00e1rez, Monitor deportivo,<\/p>\n\n\n\n<p class=\"has-black-color has-text-color has-normal-font-size\">96- Tifany Hern\u00e1ndez Santana, Monitora deportiva,<\/p>\n\n\n\n<p class=\"has-black-color has-text-color has-normal-font-size\">97- Ignacio Reyes Garc\u00eda, Historiador,<\/p>\n\n\n\n<p class=\"has-black-color has-text-color has-normal-font-size\">98- Jon D\u00edaz de Otazu D\u00edaz, Bombero, Secretario Nacional de Acci\u00f3n sindical y Salud laboral de Intersindical Canaria,<\/p>\n\n\n\n<p class=\"has-black-color has-text-color has-normal-font-size\">99- J. Carlos Hdez. Vel\u00e1zquez Secretario Insular Tf de Intersindical Canaria,<\/p>\n\n\n\n<p class=\"has-black-color has-text-color has-normal-font-size\">100- Ufe Su\u00e1rez, Ecologista Humanista,<\/p>\n\n\n\n<p class=\"has-black-color has-text-color has-normal-font-size\">101- Milagrosa Medina S\u00e1nchez. Maestra,<\/p>\n\n\n\n<p class=\"has-black-color has-text-color has-normal-font-size\">102- Alejandro Valdivia Hern\u00e1ndez, Activista independentista,<\/p>\n\n\n\n<p class=\"has-black-color has-text-color has-normal-font-size\">103- Fefa Toledo Hern\u00e1ndez, Maestra,<\/p>\n\n\n\n<p class=\"has-black-color has-text-color has-normal-font-size\">104- Ricardo Morales Toribio, Ganadero,<\/p>\n\n\n\n<p class=\"has-black-color has-text-color has-normal-font-size\">105- Esteban Vi\u00f1as, empresario<\/p>\n\n\n\n<p class=\"has-black-color has-text-color has-normal-font-size\">106- Marta Aguiar Monz\u00f3n, Licenciada en Historia,<\/p>\n\n\n\n<p class=\"has-black-color has-text-color has-normal-font-size\">107- Federico Nacher Ojeda, Empresario,<\/p>\n\n\n\n<p class=\"has-black-color has-text-color has-normal-font-size\">108-\u00a0Rosario Correa Bordes, Agente comercial,<\/p>\n\n\n\n<p class=\"has-black-color has-text-color has-normal-font-size\">109- Alicia Esther Pe\u00f1a Su\u00e1rez. Psicopedagoga. Activista Ambiental,<\/p>\n\n\n\n<p class=\"has-black-color has-text-color has-normal-font-size\">110- M.Teresa Perera Betancor, maestra.<\/p>\n","protected":false},"excerpt":{"rendered":"<p>El presidente del Cabildo se ha referido indirectamente a la Plataforma Salvar Chira-Soria Barranco de Arguinegu\u00edn como un adversario ideol\u00f3gico en un art\u00edculo dominical en la prensa provincial. Y al se\u00f1alarnos nos ha posicionado como valedores de un modelo energ\u00e9tico que difiere del modelo que \u00e9l defiende. A todo ello queremos responderle directamente en esta [&hellip;]<\/p>\n","protected":false},"author":3,"featured_media":0,"comment_status":"open","ping_status":"open","sticky":false,"template":"","format":"standard","meta":{"footnotes":""},"categories":[11],"tags":[],"class_list":["post-738","post","type-post","status-publish","format-standard","hentry","category-noticias-salvar-chira-soria","entry"],"_links":{"self":[{"href":"https:\/\/www.salvarchirasoria.com\/index.php\/wp-json\/wp\/v2\/posts\/738","targetHints":{"allow":["GET"]}}],"collection":[{"href":"https:\/\/www.salvarchirasoria.com\/index.php\/wp-json\/wp\/v2\/posts"}],"about":[{"href":"https:\/\/www.salvarchirasoria.com\/index.php\/wp-json\/wp\/v2\/types\/post"}],"author":[{"embeddable":true,"href":"https:\/\/www.salvarchirasoria.com\/index.php\/wp-json\/wp\/v2\/users\/3"}],"replies":[{"embeddable":true,"href":"https:\/\/www.salvarchirasoria.com\/index.php\/wp-json\/wp\/v2\/comments?post=738"}],"version-history":[{"count":4,"href":"https:\/\/www.salvarchirasoria.com\/index.php\/wp-json\/wp\/v2\/posts\/738\/revisions"}],"predecessor-version":[{"id":743,"href":"https:\/\/www.salvarchirasoria.com\/index.php\/wp-json\/wp\/v2\/posts\/738\/revisions\/743"}],"wp:attachment":[{"href":"https:\/\/www.salvarchirasoria.com\/index.php\/wp-json\/wp\/v2\/media?parent=738"}],"wp:term":[{"taxonomy":"category","embeddable":true,"href":"https:\/\/www.salvarchirasoria.com\/index.php\/wp-json\/wp\/v2\/categories?post=738"},{"taxonomy":"post_tag","embeddable":true,"href":"https:\/\/www.salvarchirasoria.com\/index.php\/wp-json\/wp\/v2\/tags?post=738"}],"curies":[{"name":"wp","href":"https:\/\/api.w.org\/{rel}","templated":true}]}}